{"id":1606,"date":"2026-08-28T13:46:02","date_gmt":"2026-08-28T16:46:02","guid":{"rendered":"https:\/\/sinprocan.org.br\/?p=1606"},"modified":"2026-08-28T13:46:05","modified_gmt":"2026-08-28T16:46:05","slug":"lista-de-inscritos-tecnico-em-educacao-basica-teb","status":"publish","type":"post","link":"https:\/\/sinprocan.org.br\/?p=1606","title":{"rendered":"LISTA DE INSCRITOS \u2013 T\u00c9CNICO EM EDUCA\u00c7\u00c3O B\u00c1SICA (TEB)"},"content":{"rendered":"\n<p>A Prefeitura de Canoas divulgou a <strong>lista de inscritos<\/strong> no Processo Seletivo P\u00fablico Simplificado para o cargo de <strong>T\u00e9cnico em Educa\u00e7\u00e3o B\u00e1sica (TEB)<\/strong>.<\/p>\n\n\n\n<p>Ao todo, s\u00e3o <strong>171 vagas dispon\u00edveis<\/strong> para a fun\u00e7\u00e3o.<\/p>\n\n\n\n<p>\ud83d\udcc5 <strong>Pr\u00f3xima etapa:<\/strong> a divulga\u00e7\u00e3o das <strong>notas preliminares<\/strong> est\u00e1 prevista para o dia <strong>2 de setembro de 2026<\/strong>.<\/p>\n\n\n\n<p>\ud83d\udcc4 Os editais e demais informa\u00e7\u00f5es do processo seletivo est\u00e3o dispon\u00edveis no site do <strong>SINPROCAN<\/strong>:<\/p>\n\n\n\n<p>\ud83d\udc49 <strong>sinprocan.org.br<\/strong><\/p>\n\n\n\n<p>Fique atento aos prazos e acompanhe todas as etapas do processo seletivo!<\/p>\n\n\n\n<div class=\"wp-block-file\"><object class=\"wp-block-file__embed\" data=\"https:\/\/sinprocan.org.br\/wp-content\/uploads\/2026\/08\/Inscritos-Tecnico-de-Educacao-Basica.pdf\" type=\"application\/pdf\" style=\"width:100%;height:600px\" aria-label=\"Incorporado de Inscritos-Tecnico-de-Educacao-Basica.\"><\/object><a id=\"wp-block-file--media-85f9916f-df6d-4198-8299-30f856b601e0\" href=\"https:\/\/sinprocan.org.br\/wp-content\/uploads\/2026\/08\/Inscritos-Tecnico-de-Educacao-Basica.pdf\">Inscritos-Tecnico-de-Educacao-Basica<\/a><a href=\"https:\/\/sinprocan.org.br\/wp-content\/uploads\/2026\/08\/Inscritos-Tecnico-de-Educacao-Basica.pdf\" class=\"wp-block-file__button wp-element-button\" download aria-describedby=\"wp-block-file--media-85f9916f-df6d-4198-8299-30f856b601e0\">Baixar<\/a><\/div>\n","protected":false},"excerpt":{"rendered":"<p>A Prefeitura de Canoas divulgou a lista de inscritos no Processo Seletivo P\u00fablico Simplificado para o cargo de T\u00e9cnico em Educa\u00e7\u00e3o B\u00e1sica (TEB). Ao todo, s\u00e3o 171 vagas dispon\u00edveis para a fun\u00e7\u00e3o. \ud83d\udcc5 Pr\u00f3xima etapa: a divulga\u00e7\u00e3o das notas preliminares est\u00e1 prevista para o dia 2 de setembro de 2026. \ud83d\udcc4 Os editais e demais [&hellip;]<\/p>\n","protected":false},"author":1,"featured_media":1608,"comment_status":"closed","ping_status":"closed","sticky":false,"template":"","format":"standard","meta":[],"categories":[1],"tags":[],"_links":{"self":[{"href":"https:\/\/sinprocan.org.br\/index.php?rest_route=\/wp\/v2\/posts\/1606"}],"collection":[{"href":"https:\/\/sinprocan.org.br\/index.php?rest_route=\/wp\/v2\/posts"}],"about":[{"href":"https:\/\/sinprocan.org.br\/index.php?rest_route=\/wp\/v2\/types\/post"}],"author":[{"embeddable":true,"href":"https:\/\/sinprocan.org.br\/index.php?rest_route=\/wp\/v2\/users\/1"}],"replies":[{"embeddable":true,"href":"https:\/\/sinprocan.org.br\/index.php?rest_route=%2Fwp%2Fv2%2Fcomments&post=1606"}],"version-history":[{"count":1,"href":"https:\/\/sinprocan.org.br\/index.php?rest_route=\/wp\/v2\/posts\/1606\/revisions"}],"predecessor-version":[{"id":1609,"href":"https:\/\/sinprocan.org.br\/index.php?rest_route=\/wp\/v2\/posts\/1606\/revisions\/1609"}],"wp:featuredmedia":[{"embeddable":true,"href":"https:\/\/sinprocan.org.br\/index.php?rest_route=\/wp\/v2\/media\/1608"}],"wp:attachment":[{"href":"https:\/\/sinprocan.org.br\/index.php?rest_route=%2Fwp%2Fv2%2Fmedia&parent=1606"}],"wp:term":[{"taxonomy":"category","embeddable":true,"href":"https:\/\/sinprocan.org.br\/index.php?rest_route=%2Fwp%2Fv2%2Fcategories&post=1606"},{"taxonomy":"post_tag","embeddable":true,"href":"https:\/\/sinprocan.org.br\/index.php?rest_route=%2Fwp%2Fv2%2Ftags&post=1606"}],"curies":[{"name":"wp","href":"https:\/\/api.w.org\/{rel}","templated":true}]}}